{"id":2751,"date":"2023-07-07T09:39:13","date_gmt":"2023-07-07T08:39:13","guid":{"rendered":"https:\/\/musiklager-kisi.ch\/?p=2751"},"modified":"2023-07-07T09:39:13","modified_gmt":"2023-07-07T08:39:13","slug":"heute-im-kisifritig-portrait-von-lagerteilnehmerin-celine","status":"publish","type":"post","link":"https:\/\/musiklager-kisi.ch\/index.php\/2023\/07\/07\/heute-im-kisifritig-portrait-von-lagerteilnehmerin-celine\/","title":{"rendered":"Heute im #kisifritig: Portrait von Lagerteilnehmerin Celine"},"content":{"rendered":"<div class=\"wp-block-image is-style-default\">\n<figure class=\"alignleft size-large\"><img loading=\"lazy\" decoding=\"async\" width=\"1024\" height=\"1024\" src=\"https:\/\/musiklager-kisi.ch\/wp-content\/uploads\/2023\/07\/20230630_kisifritig-1024x1024.jpeg\" alt=\"\" class=\"wp-image-2735\" srcset=\"https:\/\/musiklager-kisi.ch\/wp-content\/uploads\/2023\/07\/20230630_kisifritig-1024x1024.jpeg 1024w, https:\/\/musiklager-kisi.ch\/wp-content\/uploads\/2023\/07\/20230630_kisifritig-300x300.jpeg 300w, https:\/\/musiklager-kisi.ch\/wp-content\/uploads\/2023\/07\/20230630_kisifritig-150x150.jpeg 150w, https:\/\/musiklager-kisi.ch\/wp-content\/uploads\/2023\/07\/20230630_kisifritig-768x768.jpeg 768w, https:\/\/musiklager-kisi.ch\/wp-content\/uploads\/2023\/07\/20230630_kisifritig-12x12.jpeg 12w, https:\/\/musiklager-kisi.ch\/wp-content\/uploads\/2023\/07\/20230630_kisifritig.jpeg 1080w\" sizes=\"auto, (max-width: 1024px) 100vw, 1024px\" \/><\/figure>\n<\/div>\n\n\n<p>Wie oft warst du im Kisi-Lager?<br>Ich war schon 11mal im Kisi Lager.<\/p>\n\n\n\n<p>Warum gehst du ins Kisi-Lager?<br>Ich gehe wegen der Freude an der Musik und meinen Kolleginnen.<\/p>\n\n\n\n<p>Was gef\u00e4llt dir am Besten?<br>Mir gef\u00e4llt die Zeit mit den Leuten zusammen, ob wir jetzt Musik machen oder nicht<\/p>\n\n\n\n<p>Lieblingsst\u00fcck der letzten Jahre?<br>Meine Lieblingsst\u00fccke der letzen Jahre sind &#8222;Trumpet of Krakow&#8220; und &#8222;Concerto d&#8217;amore&#8220;<\/p>\n\n\n\n<p>Lieblingslageressen?<br>Mein Lieblings Lageressen ist wie bei den Meisten auch das Fondue Chinoise<\/p>\n\n\n\n<p>Was kannst du erstmaligen Teilnehmer f\u00fcr die Lagerwoche empfehlen?<br>Nimmt alle einen Pingpong Schl\u00e4ger mit, viel Freude an der Musik und f\u00fcr die Holzspieler genug &#8222;Pl\u00e4ttli&#8220;<img loading=\"lazy\" decoding=\"async\" height=\"16\" width=\"16\" src=\"https:\/\/static.xx.fbcdn.net\/images\/emoji.php\/v9\/t57\/1\/16\/1f609.png\" alt=\"\ud83d\ude09\"><\/p>\n","protected":false},"excerpt":{"rendered":"<p>Wie oft warst du im Kisi-Lager?Ich war schon 11mal im Kisi Lager. Warum gehst du ins Kisi-Lager?Ich gehe wegen der Freude an der Musik und meinen Kolleginnen. Was gef\u00e4llt dir am Besten?Mir gef\u00e4llt die Zeit mit den Leuten zusammen, ob wir jetzt Musik machen oder nicht Lieblingsst\u00fcck der letzten Jahre?Meine Lieblingsst\u00fccke der letzen Jahre sind&hellip; <br \/> <a class=\"read-more\" href=\"https:\/\/musiklager-kisi.ch\/index.php\/2023\/07\/07\/heute-im-kisifritig-portrait-von-lagerteilnehmerin-celine\/\">Read more<\/a><\/p>\n","protected":false},"author":1,"featured_media":2735,"comment_status":"closed","ping_status":"closed","sticky":false,"template":"","format":"standard","meta":{"footnotes":""},"categories":[3],"tags":[],"class_list":["post-2751","post","type-post","status-publish","format-standard","has-post-thumbnail","hentry","category-kisifritig"],"_links":{"self":[{"href":"https:\/\/musiklager-kisi.ch\/index.php\/wp-json\/wp\/v2\/posts\/2751","targetHints":{"allow":["GET"]}}],"collection":[{"href":"https:\/\/musiklager-kisi.ch\/index.php\/wp-json\/wp\/v2\/posts"}],"about":[{"href":"https:\/\/musiklager-kisi.ch\/index.php\/wp-json\/wp\/v2\/types\/post"}],"author":[{"embeddable":true,"href":"https:\/\/musiklager-kisi.ch\/index.php\/wp-json\/wp\/v2\/users\/1"}],"replies":[{"embeddable":true,"href":"https:\/\/musiklager-kisi.ch\/index.php\/wp-json\/wp\/v2\/comments?post=2751"}],"version-history":[{"count":1,"href":"https:\/\/musiklager-kisi.ch\/index.php\/wp-json\/wp\/v2\/posts\/2751\/revisions"}],"predecessor-version":[{"id":2752,"href":"https:\/\/musiklager-kisi.ch\/index.php\/wp-json\/wp\/v2\/posts\/2751\/revisions\/2752"}],"wp:featuredmedia":[{"embeddable":true,"href":"https:\/\/musiklager-kisi.ch\/index.php\/wp-json\/wp\/v2\/media\/2735"}],"wp:attachment":[{"href":"https:\/\/musiklager-kisi.ch\/index.php\/wp-json\/wp\/v2\/media?parent=2751"}],"wp:term":[{"taxonomy":"category","embeddable":true,"href":"https:\/\/musiklager-kisi.ch\/index.php\/wp-json\/wp\/v2\/categories?post=2751"},{"taxonomy":"post_tag","embeddable":true,"href":"https:\/\/musiklager-kisi.ch\/index.php\/wp-json\/wp\/v2\/tags?post=2751"}],"curies":[{"name":"wp","href":"https:\/\/api.w.org\/{rel}","templated":true}]}}