{"id":2315,"date":"2022-07-01T08:55:55","date_gmt":"2022-07-01T07:55:55","guid":{"rendered":"https:\/\/musiklager-kisi.ch\/?p=2315"},"modified":"2022-07-01T08:55:56","modified_gmt":"2022-07-01T07:55:56","slug":"heute-im-kisifritig-portrait-von-registerleiterin-rahel-von-arx","status":"publish","type":"post","link":"https:\/\/musiklager-kisi.ch\/index.php\/2022\/07\/01\/heute-im-kisifritig-portrait-von-registerleiterin-rahel-von-arx\/","title":{"rendered":"Heute im #kisifritig: Portrait von Registerleiterin Rahel von Arx"},"content":{"rendered":"<div class=\"wp-block-image is-style-default\">\n<figure class=\"alignleft size-large\"><img loading=\"lazy\" decoding=\"async\" width=\"1024\" height=\"1024\" src=\"https:\/\/musiklager-kisi.ch\/wp-content\/uploads\/2022\/07\/20220624_kisifritig-1024x1024.jpg\" alt=\"\" class=\"wp-image-2302\" srcset=\"https:\/\/musiklager-kisi.ch\/wp-content\/uploads\/2022\/07\/20220624_kisifritig-1024x1024.jpg 1024w, https:\/\/musiklager-kisi.ch\/wp-content\/uploads\/2022\/07\/20220624_kisifritig-300x300.jpg 300w, https:\/\/musiklager-kisi.ch\/wp-content\/uploads\/2022\/07\/20220624_kisifritig-150x150.jpg 150w, https:\/\/musiklager-kisi.ch\/wp-content\/uploads\/2022\/07\/20220624_kisifritig-768x768.jpg 768w, https:\/\/musiklager-kisi.ch\/wp-content\/uploads\/2022\/07\/20220624_kisifritig-12x12.jpg 12w, https:\/\/musiklager-kisi.ch\/wp-content\/uploads\/2022\/07\/20220624_kisifritig.jpg 1080w\" sizes=\"auto, (max-width: 1024px) 100vw, 1024px\" \/><\/figure>\n<\/div>\n\n\n<p>Rahel von Arx, 28, Registerleiterin f\u00fcr Querfl\u00f6te arbeitet als Kinderg\u00e4rtnerin und verbringt ihre Freizeit gerne draussen in der Natur. Rahel spielt Querfl\u00f6te in der Musikgesellschaft Frohsinn Neuendorf.<\/p>\n\n\n\n<p>Wie oft warst du im Kisi-Lager dabei?<br>Erst einmal, und gleich als Leiterin.<\/p>\n\n\n\n<p>Warum gehst du ins Kisi-Lager?<br>Ich mag die Vorstellung, innerhalb einer kurzen Zeit ein anspruchsvolles Konzertprogramm aus dem Nichts auf die Beine stellen zu k\u00f6nnen.<\/p>\n\n\n\n<p>Was gef\u00e4llt dir am besten?<br>Der Austausch und die Vernetzung mit anderen Gleichgesinnten (sowohl unter den Teilnehmern als auch unter den Leitern) motiviert, Musik zu machen.<\/p>\n\n\n\n<p>Lieblingsst\u00fcck der letzten Jahre?<br>La vita e bella<\/p>\n\n\n\n<p>Was war aus deiner Sicht eine wichtige Entwicklung im Lager \u00fcber die 30 Jahre?<br>Da bin ich noch zu wenig lange dabei, um das wirklich beantworten zu k\u00f6nnen. Inmitten all der Ver\u00e4nderungen ist es aber sicherlich zentral, dass die Grundwerte des Lagers gleichgeblieben sind. Die Teilnehmer*innen wissen, auf was sie sich Jahr f\u00fcr Jahr einlassen und gleichzeitig freuen k\u00f6nnen.<\/p>\n\n\n\n<p>Musikalischer Werdegang?<br>Seit 18 Jahren spiele ich Querfl\u00f6te, seit einigen Jahren zus\u00e4tzlich noch Gitarre und Bass. Begonnen habe ich in der Jugendmusik Neuendorf, bevor ich in MG \u00abFrohsinn\u00bb Neuendorf wechselte, wo ich seither mitspiele. Seit einigen Jahren helfe ich zudem beim Solothurner Polizeispiel aus, was jeweils eine sehr spannende Erfahrung ist.<\/p>\n\n\n\n<p>Lieblingslageressen?<br>Fondue Chinoise<\/p>\n\n\n\n<p>Was f\u00e4llt dir ein, wenn du an die probefreie Zeit im Lager denkst?<br>Ich freute mich jeweils, die Pausen zwischen den Proben auf der sonnigen Terrasse geniessen zu k\u00f6nnen.<\/p>\n","protected":false},"excerpt":{"rendered":"<p>Rahel von Arx, 28, Registerleiterin f\u00fcr Querfl\u00f6te arbeitet als Kinderg\u00e4rtnerin und verbringt ihre Freizeit gerne draussen in der Natur. Rahel spielt Querfl\u00f6te in der Musikgesellschaft Frohsinn Neuendorf. Wie oft warst du im Kisi-Lager dabei?Erst einmal, und gleich als Leiterin. Warum gehst du ins Kisi-Lager?Ich mag die Vorstellung, innerhalb einer kurzen Zeit ein anspruchsvolles Konzertprogramm aus&hellip; <br \/> <a class=\"read-more\" href=\"https:\/\/musiklager-kisi.ch\/index.php\/2022\/07\/01\/heute-im-kisifritig-portrait-von-registerleiterin-rahel-von-arx\/\">Read more<\/a><\/p>\n","protected":false},"author":1,"featured_media":2302,"comment_status":"closed","ping_status":"closed","sticky":false,"template":"","format":"standard","meta":{"footnotes":""},"categories":[3],"tags":[],"class_list":["post-2315","post","type-post","status-publish","format-standard","has-post-thumbnail","hentry","category-kisifritig"],"_links":{"self":[{"href":"https:\/\/musiklager-kisi.ch\/index.php\/wp-json\/wp\/v2\/posts\/2315","targetHints":{"allow":["GET"]}}],"collection":[{"href":"https:\/\/musiklager-kisi.ch\/index.php\/wp-json\/wp\/v2\/posts"}],"about":[{"href":"https:\/\/musiklager-kisi.ch\/index.php\/wp-json\/wp\/v2\/types\/post"}],"author":[{"embeddable":true,"href":"https:\/\/musiklager-kisi.ch\/index.php\/wp-json\/wp\/v2\/users\/1"}],"replies":[{"embeddable":true,"href":"https:\/\/musiklager-kisi.ch\/index.php\/wp-json\/wp\/v2\/comments?post=2315"}],"version-history":[{"count":1,"href":"https:\/\/musiklager-kisi.ch\/index.php\/wp-json\/wp\/v2\/posts\/2315\/revisions"}],"predecessor-version":[{"id":2316,"href":"https:\/\/musiklager-kisi.ch\/index.php\/wp-json\/wp\/v2\/posts\/2315\/revisions\/2316"}],"wp:featuredmedia":[{"embeddable":true,"href":"https:\/\/musiklager-kisi.ch\/index.php\/wp-json\/wp\/v2\/media\/2302"}],"wp:attachment":[{"href":"https:\/\/musiklager-kisi.ch\/index.php\/wp-json\/wp\/v2\/media?parent=2315"}],"wp:term":[{"taxonomy":"category","embeddable":true,"href":"https:\/\/musiklager-kisi.ch\/index.php\/wp-json\/wp\/v2\/categories?post=2315"},{"taxonomy":"post_tag","embeddable":true,"href":"https:\/\/musiklager-kisi.ch\/index.php\/wp-json\/wp\/v2\/tags?post=2315"}],"curies":[{"name":"wp","href":"https:\/\/api.w.org\/{rel}","templated":true}]}}