{"id":168,"date":"2021-05-21T17:01:41","date_gmt":"2021-05-21T16:01:41","guid":{"rendered":"https:\/\/web158.sr11.firestorm.ch\/?p=168"},"modified":"2021-06-27T13:48:26","modified_gmt":"2021-06-27T12:48:26","slug":"heute-im-kisifritig-beginnerband","status":"publish","type":"post","link":"https:\/\/musiklager-kisi.ch\/index.php\/2021\/05\/21\/heute-im-kisifritig-beginnerband\/","title":{"rendered":"Heute im #kisifritig: Beginnerband"},"content":{"rendered":"\n<div class=\"wp-block-image is-style-default\"><figure class=\"alignleft size-large\"><img loading=\"lazy\" decoding=\"async\" width=\"400\" height=\"400\" src=\"https:\/\/web158.sr11.firestorm.ch\/wp-content\/uploads\/2021\/05\/20210515_kisifritig.jpg\" alt=\"\" class=\"wp-image-164\" srcset=\"https:\/\/musiklager-kisi.ch\/wp-content\/uploads\/2021\/05\/20210515_kisifritig.jpg 400w, https:\/\/musiklager-kisi.ch\/wp-content\/uploads\/2021\/05\/20210515_kisifritig-300x300.jpg 300w, https:\/\/musiklager-kisi.ch\/wp-content\/uploads\/2021\/05\/20210515_kisifritig-150x150.jpg 150w\" sizes=\"auto, (max-width: 400px) 100vw, 400px\" \/><\/figure><\/div>\n\n\n\n<p>Ein wichtiger Bestandteil des Musiklager-Kisi ist die Beginnerband. Unsere j\u00fcngsten Teilnehmenden sind zwischen\u00a08 und 9 Jahre alt und besuchen im zweiten Jahr den Musikunterricht. F\u00fcr viele Musiksch\u00fcler*innen ist es die erste\u00a0Gelegenheit in einer gr\u00f6sseren Formation zu spielen und die Kl\u00e4nge anderer Instrumente zu h\u00f6ren. In Kleingruppen\u00a0und im Gesamtspiel \u00fcben Dirigent Andreas Moser und die Registerleiter Michael R\u00f6theli, Jan B\u00fcttiker, Lisa Lack,\u00a0Fabian Gaberth\u00fcel und Dominik Wyss die Musikst\u00fccke gemeinsam mit den Teilnehmenden ein.<\/p>\n\n\n\n<p>Mit der passenden&nbsp;Stimmeneinteilung wird ber\u00fccksichtigt, dass niemand \u00fcber- oder unterfordert ist. Mit gen\u00fcgend Pausen und&nbsp;Spiel &amp; Spass werden die Lippen und Finger der noch jungen Teilnehmenden nicht zu stark strapaziert.&nbsp;<br>Am \u00f6ffentlichen Abschlusskonzert tragen die Jungs &amp; M\u00e4dels der Beginnerband voller Stolz ihre einstudierten&nbsp;<br>Musikst\u00fccke vor und ernten daf\u00fcr grossen Applaus. Was gibt es sch\u00f6neres und motivierenderes f\u00fcr&nbsp;<br>junge Musikantinnen und Musikanten?&nbsp;<\/p>\n\n\n\n<p>Wir freuen uns \u00fcber jedes neue Gesicht \u2013 die Anmeldefrist l\u00e4uft noch bis Ende Mai 2021.<\/p>\n\n\n\n<figure class=\"wp-block-embed is-type-video is-provider-youtube wp-block-embed-youtube wp-embed-aspect-16-9 wp-has-aspect-ratio\"><div class=\"wp-block-embed__wrapper\">\n<div class='embed-container'><iframe loading=\"lazy\" title=\"Musiklager-Kisi Lagerabschlusskonzert 2020\" width=\"1920\" height=\"1080\" src=\"https:\/\/www.youtube.com\/embed\/8YT1XzpKdSU?start=1445&#038;feature=oembed\" frameborder=\"0\" allow=\"accelerometer; autoplay; clipboard-write; encrypted-media; gyroscope; picture-in-picture\" allowfullscreen><\/iframe><\/div>\n<\/div><figcaption>Auftritt der Beginnerband im Lagerabschlusskonzert 2020<\/figcaption><\/figure>\n","protected":false},"excerpt":{"rendered":"<p>Ein wichtiger Bestandteil des Musiklager-Kisi ist die Beginnerband. Unsere j\u00fcngsten Teilnehmenden sind zwischen\u00a08 und 9 Jahre alt und besuchen im zweiten Jahr den Musikunterricht. F\u00fcr viele Musiksch\u00fcler*innen ist es die erste\u00a0Gelegenheit in einer gr\u00f6sseren Formation zu spielen und die Kl\u00e4nge anderer Instrumente zu h\u00f6ren. In Kleingruppen\u00a0und im Gesamtspiel \u00fcben Dirigent Andreas Moser und die Registerleiter&hellip; <br \/> <a class=\"read-more\" href=\"https:\/\/musiklager-kisi.ch\/index.php\/2021\/05\/21\/heute-im-kisifritig-beginnerband\/\">Read more<\/a><\/p>\n","protected":false},"author":1,"featured_media":164,"comment_status":"closed","ping_status":"closed","sticky":false,"template":"","format":"standard","meta":{"footnotes":""},"categories":[3],"tags":[],"class_list":["post-168","post","type-post","status-publish","format-standard","has-post-thumbnail","hentry","category-kisifritig"],"_links":{"self":[{"href":"https:\/\/musiklager-kisi.ch\/index.php\/wp-json\/wp\/v2\/posts\/168","targetHints":{"allow":["GET"]}}],"collection":[{"href":"https:\/\/musiklager-kisi.ch\/index.php\/wp-json\/wp\/v2\/posts"}],"about":[{"href":"https:\/\/musiklager-kisi.ch\/index.php\/wp-json\/wp\/v2\/types\/post"}],"author":[{"embeddable":true,"href":"https:\/\/musiklager-kisi.ch\/index.php\/wp-json\/wp\/v2\/users\/1"}],"replies":[{"embeddable":true,"href":"https:\/\/musiklager-kisi.ch\/index.php\/wp-json\/wp\/v2\/comments?post=168"}],"version-history":[{"count":5,"href":"https:\/\/musiklager-kisi.ch\/index.php\/wp-json\/wp\/v2\/posts\/168\/revisions"}],"predecessor-version":[{"id":709,"href":"https:\/\/musiklager-kisi.ch\/index.php\/wp-json\/wp\/v2\/posts\/168\/revisions\/709"}],"wp:featuredmedia":[{"embeddable":true,"href":"https:\/\/musiklager-kisi.ch\/index.php\/wp-json\/wp\/v2\/media\/164"}],"wp:attachment":[{"href":"https:\/\/musiklager-kisi.ch\/index.php\/wp-json\/wp\/v2\/media?parent=168"}],"wp:term":[{"taxonomy":"category","embeddable":true,"href":"https:\/\/musiklager-kisi.ch\/index.php\/wp-json\/wp\/v2\/categories?post=168"},{"taxonomy":"post_tag","embeddable":true,"href":"https:\/\/musiklager-kisi.ch\/index.php\/wp-json\/wp\/v2\/tags?post=168"}],"curies":[{"name":"wp","href":"https:\/\/api.w.org\/{rel}","templated":true}]}}